{"id":6232,"date":"2024-06-18T17:14:25","date_gmt":"2024-06-18T21:14:25","guid":{"rendered":"https:\/\/cooprinforma.cl\/?p=6232"},"modified":"2024-06-18T17:14:27","modified_gmt":"2024-06-18T21:14:27","slug":"luis-mombergesta-cooperativa-tiene-el-potencial-de-seguir-beneficiando-a-sus-miembros-al-ofrecer-mas-servicios-y-expandir-su-alcance","status":"publish","type":"post","link":"https:\/\/cooprinforma.cl\/index.php\/2024\/06\/18\/luis-mombergesta-cooperativa-tiene-el-potencial-de-seguir-beneficiando-a-sus-miembros-al-ofrecer-mas-servicios-y-expandir-su-alcance\/","title":{"rendered":"Luis Momberg:\u201cEsta cooperativa tiene el potencial de seguir beneficiando a sus miembros al ofrecer m\u00e1s servicios y expandir su alcance\u201d"},"content":{"rendered":"\t\t<div data-elementor-type=\"wp-post\" data-elementor-id=\"6232\" class=\"elementor elementor-6232\">\n\t\t\t\t\t\t\t\t\t<section class=\"elementor-section elementor-top-section elementor-element elementor-element-9c7df95 elementor-section-boxed elementor-section-height-default elementor-section-height-default\" data-id=\"9c7df95\" data-element_type=\"section\">\n\t\t\t\t\t\t<div class=\"elementor-container elementor-column-gap-default\">\n\t\t\t\t\t<div class=\"elementor-column elementor-col-66 elementor-top-column elementor-element elementor-element-7245003\" data-id=\"7245003\" data-element_type=\"column\">\n\t\t\t<div class=\"elementor-widget-wrap elementor-element-populated\">\n\t\t\t\t\t\t\t\t<div class=\"elementor-element elementor-element-8d4486c elementor-widget elementor-widget-text-editor\" data-id=\"8d4486c\" data-element_type=\"widget\" data-widget_type=\"text-editor.default\">\n\t\t\t\t<div class=\"elementor-widget-container\">\n\t\t\t<style>\/*! elementor - v3.13.3 - 28-05-2023 *\/\n.elementor-widget-text-editor.elementor-drop-cap-view-stacked .elementor-drop-cap{background-color:#69727d;color:#fff}.elementor-widget-text-editor.elementor-drop-cap-view-framed .elementor-drop-cap{color:#69727d;border:3px solid;background-color:transparent}.elementor-widget-text-editor:not(.elementor-drop-cap-view-default) .elementor-drop-cap{margin-top:8px}.elementor-widget-text-editor:not(.elementor-drop-cap-view-default) .elementor-drop-cap-letter{width:1em;height:1em}.elementor-widget-text-editor .elementor-drop-cap{float:left;text-align:center;line-height:1;font-size:50px}.elementor-widget-text-editor .elementor-drop-cap-letter{display:inline-block}<\/style>\t\t\t\t<p><strong><img loading=\"lazy\" decoding=\"async\" class=\"alignnone size-full wp-image-6234\" src=\"https:\/\/cooprinforma.cl\/wp-content\/uploads\/2024\/06\/Foto-1-principal.jpg\" alt=\"\" width=\"1276\" height=\"850\" srcset=\"https:\/\/cooprinforma.cl\/wp-content\/uploads\/2024\/06\/Foto-1-principal.jpg 1276w, https:\/\/cooprinforma.cl\/wp-content\/uploads\/2024\/06\/Foto-1-principal-300x200.jpg 300w, https:\/\/cooprinforma.cl\/wp-content\/uploads\/2024\/06\/Foto-1-principal-1024x682.jpg 1024w, https:\/\/cooprinforma.cl\/wp-content\/uploads\/2024\/06\/Foto-1-principal-768x512.jpg 768w\" sizes=\"auto, (max-width: 1276px) 100vw, 1276px\" \/><\/strong><\/p><p><strong>Luis Momberg tiene una conexi\u00f3n arraigada con la agricultura que se remonta a su infancia, influenciada por su familia, especialmente su padre, quien tambi\u00e9n fue un productor agr\u00edcola y lechero, as\u00ed como un socio Cooprinsem. Hoy, junto a los suyos, opera en el fundo Purrapel, ubicado en la comuna de R\u00edo Bueno.<\/strong><\/p><p>Desde que adquiri\u00f3 este predio en 1988 ha sido un propietario comprometido con la tierra y ha implementado innovadoras pr\u00e1cticas agr\u00edcolas. Su experiencia y trayectoria en el sector agr\u00edcola lo convierten en una voz autorizada para reflexionar sobre el papel de las cooperativas en el desarrollo y crecimiento de la actividad agr\u00edcola y ganadera.<\/p><p><strong>\u00bfC\u00f3mo comenz\u00f3 su relaci\u00f3n con Cooprinsem y qu\u00e9 lo motiv\u00f3 a unirse a esta cooperativa?<\/strong><\/p><p>Mi relaci\u00f3n con Cooprinsem se remonta a mi infancia, dado que soy hijo de un cooperado. M\u00e1s tarde, me convert\u00ed en socio al adquirir este predio y, en la actualidad, mis hijos tambi\u00e9n son miembros de la cooperativa.<\/p><p><strong>\u00bfCu\u00e1l ha sido la importancia de esta cooperativa en el desarrollo y crecimiento de su actividad?<\/strong><\/p><p>Cooprinsem ha sido fundamental en nuestro desarrollo, proporcion\u00e1ndonos no solo los insumos necesarios, sino tambi\u00e9n asistencia t\u00e9cnica vital para mejorar nuestras pr\u00e1cticas agr\u00edcolas y ganaderas.<\/p><p><strong>\u00bfQu\u00e9 beneficios ha experimentado como cooperado de Cooprinsem en t\u00e9rminos de asistencia t\u00e9cnica, acceso a insumos, mercados, etc.?<\/strong><\/p><p>Los beneficios van desde la asistencia t\u00e9cnica especializada hasta el acceso a insumos de calidad y la apertura de nuevos mercados. Destaco especialmente la oferta de profesionales relacionados con el campo y la flexibilidad para elegir proveedores que se adapten a nuestras necesidades.<\/p><p><strong>En su experiencia, \u00bfc\u00f3mo ha evolucionado Cooprinsem para adaptarse a los cambios y desaf\u00edos en el sector agr\u00edcola y ganadero en los \u00faltimos a\u00f1os?<\/strong><\/p><p>Cooprinsem ha demostrado una notable capacidad para adaptarse a los cambios del sector, posicion\u00e1ndose como un aliado estrat\u00e9gico para los productores. Su enfoque en la innovaci\u00f3n y la diversificaci\u00f3n de servicios ha sido clave en este proceso.<\/p><p><strong>\u00bfQu\u00e9 consejo dar\u00eda a otros productores que est\u00e9n considerando unirse a una cooperativa como Cooprinsem?<\/strong><\/p><p>La asociatividad que ofrecen las cooperativas como Cooprinsem es esencial para trabajar en pro del bien com\u00fan. Unirse a una cooperativa no s\u00f3lo brinda recursos y servicios, sino que tambi\u00e9n fomenta la colaboraci\u00f3n y el trabajo en equipo.<\/p><p><strong>\u00bfCu\u00e1les son sus expectativas y visiones para el futuro de Cooprinsem y c\u00f3mo cree que la cooperativa seguir\u00e1 beneficiando a sus miembros en los pr\u00f3ximos a\u00f1os?<\/strong><\/p><p>Espero que Cooprinsem siga creciendo y fortaleci\u00e9ndose mediante una mayor asociatividad. Esta cooperativa tiene el potencial de seguir beneficiando a sus miembros al ofrecer m\u00e1s servicios y expandir su alcance, lo que contribuir\u00e1 al desarrollo sostenible de nuestras actividades agr\u00edcolas y ganaderas.<\/p><p><strong>\u00a0<\/strong><\/p><p><strong>Crianza en Potrero<\/strong><\/p><p><strong> <img loading=\"lazy\" decoding=\"async\" class=\"alignnone size-full wp-image-6236\" src=\"https:\/\/cooprinforma.cl\/wp-content\/uploads\/2024\/06\/Foto-3.jpg\" alt=\"\" width=\"1276\" height=\"850\" srcset=\"https:\/\/cooprinforma.cl\/wp-content\/uploads\/2024\/06\/Foto-3.jpg 1276w, https:\/\/cooprinforma.cl\/wp-content\/uploads\/2024\/06\/Foto-3-300x200.jpg 300w, https:\/\/cooprinforma.cl\/wp-content\/uploads\/2024\/06\/Foto-3-1024x682.jpg 1024w, https:\/\/cooprinforma.cl\/wp-content\/uploads\/2024\/06\/Foto-3-768x512.jpg 768w\" sizes=\"auto, (max-width: 1276px) 100vw, 1276px\" \/><\/strong><\/p><p><strong>\u00bfCu\u00e1ntos partos tiene al a\u00f1o?<\/strong><\/p><p>Tenemos alrededor de 1.900 partos anuales.<\/p><p><strong>\u00bfCu\u00e1ntas terneras cr\u00eda al a\u00f1o por campo?<\/strong><\/p><p>Actualmente, operamos con 5 unidades productivas y mantenemos aproximadamente 2.150 vacas en producci\u00f3n. De \u00e9stas, estamos criando alrededor de 800 vaquillas al a\u00f1o. No criamos machos debido a limitaciones de espacio y porque nuestro enfoque no es en la engorda sino exclusivamente la cr\u00eda de hembras.<\/p><p><strong>\u00bfLa etapa de crianza con dieta l\u00edquida es en ternerera o en el potrero?<\/strong><\/p><p>Hace m\u00e1s de 8 a\u00f1os comenzamos un proyecto para criar terneras al aire libre. Actualmente, la raci\u00f3n l\u00edquida que se les proporciona es la misma que se les da en las ternereras. Esta crianza al aire libre surgi\u00f3 de la necesidad de reducir el uso de antibi\u00f3ticos y las tasas de mortalidad en la cr\u00eda. Antes, ten\u00edamos entre un 15% y un 20% de mortalidad y esa preocupaci\u00f3n fue lo que impuls\u00f3 esta innovaci\u00f3n.<\/p><p><strong>\u00bfA qu\u00e9 edad desteta las terneras?<\/strong><\/p><p><img loading=\"lazy\" decoding=\"async\" class=\"alignnone size-full wp-image-6237\" src=\"https:\/\/cooprinforma.cl\/wp-content\/uploads\/2024\/06\/Foto-4-recuadro-crianza-potrero.jpg\" alt=\"\" width=\"1276\" height=\"850\" srcset=\"https:\/\/cooprinforma.cl\/wp-content\/uploads\/2024\/06\/Foto-4-recuadro-crianza-potrero.jpg 1276w, https:\/\/cooprinforma.cl\/wp-content\/uploads\/2024\/06\/Foto-4-recuadro-crianza-potrero-300x200.jpg 300w, https:\/\/cooprinforma.cl\/wp-content\/uploads\/2024\/06\/Foto-4-recuadro-crianza-potrero-1024x682.jpg 1024w, https:\/\/cooprinforma.cl\/wp-content\/uploads\/2024\/06\/Foto-4-recuadro-crianza-potrero-768x512.jpg 768w\" sizes=\"auto, (max-width: 1276px) 100vw, 1276px\" \/><\/p><p>Las terneras pasan por un proceso de destete. Por lo general, reciben leche durante 85 a 90 d\u00edas, especialmente las que nacen en oto\u00f1o, debido a nuestro sistema de pariciones estacionales. En primavera, este per\u00edodo es un poco m\u00e1s corto debido a las mejores condiciones clim\u00e1ticas y de pastoreo.<\/p><p><strong>\u00bfCu\u00e1l es su porcentaje de mortalidad y de enfermedades hasta el destete?<\/strong><\/p><p>En los a\u00f1os 2022 y 2023 registramos tasas de mortalidad y enfermedades del 1,4% y 2,2%, respectivamente. Estos datos corresponden al desempe\u00f1o de las 5 unidades productivas con las que trabajamos.<\/p><p><strong>\u00bfCu\u00e1l es el promedio de peso al nacimiento y al destete?<\/strong><\/p><p>El peso al nacer ha variado debido a cruces con Jersey que suelen producir terneros m\u00e1s peque\u00f1os. Sin embargo, estamos volviendo a la raza Holstein, que resulta en un peso mayor al nacimiento. Hemos pasado de un promedio de 31 kilos a 33 kilos. En cuanto al peso al destete, estamos alcanzando alrededor de 95 kilos. Nuestro objetivo es que, a los 14 meses, nuestras terneras no pesen menos de 320 kilos para el servicio, manteniendo un aumento diario de 800 gramos hasta el parto.<\/p><p><strong>\u00a0<\/strong><\/p>\t\t\t\t\t\t<\/div>\n\t\t\t\t<\/div>\n\t\t\t\t\t<\/div>\n\t\t<\/div>\n\t\t\t\t<div class=\"elementor-column elementor-col-33 elementor-top-column elementor-element elementor-element-c2d8012\" data-id=\"c2d8012\" data-element_type=\"column\">\n\t\t\t<div class=\"elementor-widget-wrap elementor-element-populated\">\n\t\t\t\t\t\t\t\t<div class=\"elementor-element elementor-element-b3dffaa elementor-widget elementor-widget-text-editor\" data-id=\"b3dffaa\" data-element_type=\"widget\" data-widget_type=\"text-editor.default\">\n\t\t\t\t<div class=\"elementor-widget-container\">\n\t\t\t\t\t\t\t<p><a href=\"https:\/\/cooprinforma.cl\/index.php\/ediciones\/\"><img loading=\"lazy\" decoding=\"async\" class=\"alignnone wp-image-6233 size-medium\" src=\"https:\/\/cooprinforma.cl\/wp-content\/uploads\/2024\/06\/ver-revista-online-03-300x250.png\" alt=\"\" width=\"300\" height=\"250\" srcset=\"https:\/\/cooprinforma.cl\/wp-content\/uploads\/2024\/06\/ver-revista-online-03-300x250.png 300w, https:\/\/cooprinforma.cl\/wp-content\/uploads\/2024\/06\/ver-revista-online-03.png 626w\" sizes=\"auto, (max-width: 300px) 100vw, 300px\" \/><\/a><\/p><p><a href=\"https:\/\/aegnutricionanimal.cl\/rumimax\/\" target=\"_blank\" rel=\"noopener\"><img loading=\"lazy\" decoding=\"async\" class=\"alignnone wp-image-4605 size-full\" src=\"https:\/\/cooprinforma.cl\/wp-content\/uploads\/2023\/06\/D1.jpg\" alt=\"\" width=\"301\" height=\"250\" \/><\/a><\/p><p><img loading=\"lazy\" decoding=\"async\" class=\"alignnone wp-image-5713 size-full\" src=\"https:\/\/cooprinforma.cl\/wp-content\/uploads\/gif\/syg.gif\" alt=\"\" width=\"300\" height=\"250\" \/><\/p>\t\t\t\t\t\t<\/div>\n\t\t\t\t<\/div>\n\t\t\t\t\t<\/div>\n\t\t<\/div>\n\t\t\t\t\t\t\t<\/div>\n\t\t<\/section>\n\t\t\t\t\t\t\t<\/div>\n\t\t","protected":false},"excerpt":{"rendered":"<p>Luis Momberg tiene una conexi\u00f3n arraigada con la agricultura que se remonta a su infancia, influenciada por su familia, especialmente su padre, quien tambi\u00e9n fue un productor agr\u00edcola y lechero, as\u00ed como un socio Cooprinsem. Hoy, junto a los suyos, opera en el fundo Purrapel, ubicado en la comuna de R\u00edo Bueno. Desde que adquiri\u00f3 [&hellip;]<\/p>\n","protected":false},"author":1,"featured_media":6234,"comment_status":"closed","ping_status":"closed","sticky":false,"template":"","format":"standard","meta":{"footnotes":""},"categories":[34],"tags":[35],"class_list":["post-6232","post","type-post","status-publish","format-standard","has-post-thumbnail","hentry","category-cooperados","tag-edicion-182"],"_links":{"self":[{"href":"https:\/\/cooprinforma.cl\/index.php\/wp-json\/wp\/v2\/posts\/6232","targetHints":{"allow":["GET"]}}],"collection":[{"href":"https:\/\/cooprinforma.cl\/index.php\/wp-json\/wp\/v2\/posts"}],"about":[{"href":"https:\/\/cooprinforma.cl\/index.php\/wp-json\/wp\/v2\/types\/post"}],"author":[{"embeddable":true,"href":"https:\/\/cooprinforma.cl\/index.php\/wp-json\/wp\/v2\/users\/1"}],"replies":[{"embeddable":true,"href":"https:\/\/cooprinforma.cl\/index.php\/wp-json\/wp\/v2\/comments?post=6232"}],"version-history":[{"count":8,"href":"https:\/\/cooprinforma.cl\/index.php\/wp-json\/wp\/v2\/posts\/6232\/revisions"}],"predecessor-version":[{"id":6330,"href":"https:\/\/cooprinforma.cl\/index.php\/wp-json\/wp\/v2\/posts\/6232\/revisions\/6330"}],"wp:featuredmedia":[{"embeddable":true,"href":"https:\/\/cooprinforma.cl\/index.php\/wp-json\/wp\/v2\/media\/6234"}],"wp:attachment":[{"href":"https:\/\/cooprinforma.cl\/index.php\/wp-json\/wp\/v2\/media?parent=6232"}],"wp:term":[{"taxonomy":"category","embeddable":true,"href":"https:\/\/cooprinforma.cl\/index.php\/wp-json\/wp\/v2\/categories?post=6232"},{"taxonomy":"post_tag","embeddable":true,"href":"https:\/\/cooprinforma.cl\/index.php\/wp-json\/wp\/v2\/tags?post=6232"}],"curies":[{"name":"wp","href":"https:\/\/api.w.org\/{rel}","templated":true}]}}