{"id":5819,"date":"2023-12-31T10:15:13","date_gmt":"2023-12-31T14:15:13","guid":{"rendered":"https:\/\/cooprinforma.cl\/?p=5819"},"modified":"2024-01-03T15:06:14","modified_gmt":"2024-01-03T19:06:14","slug":"evaluacion-genetica-diciembre-2023","status":"publish","type":"post","link":"https:\/\/cooprinforma.cl\/index.php\/2023\/12\/31\/evaluacion-genetica-diciembre-2023\/","title":{"rendered":"Evaluaci\u00f3n Gen\u00e9tica Diciembre 2023"},"content":{"rendered":"\t\t<div data-elementor-type=\"wp-post\" data-elementor-id=\"5819\" class=\"elementor elementor-5819\">\n\t\t\t\t\t\t\t\t\t<section class=\"elementor-section elementor-top-section elementor-element elementor-element-09d3de5 elementor-section-boxed elementor-section-height-default elementor-section-height-default\" data-id=\"09d3de5\" data-element_type=\"section\">\n\t\t\t\t\t\t<div class=\"elementor-container elementor-column-gap-default\">\n\t\t\t\t\t<div class=\"elementor-column elementor-col-66 elementor-top-column elementor-element elementor-element-af10b5b\" data-id=\"af10b5b\" data-element_type=\"column\">\n\t\t\t<div class=\"elementor-widget-wrap elementor-element-populated\">\n\t\t\t\t\t\t\t\t<div class=\"elementor-element elementor-element-8c635e5 elementor-widget elementor-widget-text-editor\" data-id=\"8c635e5\" data-element_type=\"widget\" data-widget_type=\"text-editor.default\">\n\t\t\t\t<div class=\"elementor-widget-container\">\n\t\t\t<style>\/*! elementor - v3.13.3 - 28-05-2023 *\/\n.elementor-widget-text-editor.elementor-drop-cap-view-stacked .elementor-drop-cap{background-color:#69727d;color:#fff}.elementor-widget-text-editor.elementor-drop-cap-view-framed .elementor-drop-cap{color:#69727d;border:3px solid;background-color:transparent}.elementor-widget-text-editor:not(.elementor-drop-cap-view-default) .elementor-drop-cap{margin-top:8px}.elementor-widget-text-editor:not(.elementor-drop-cap-view-default) .elementor-drop-cap-letter{width:1em;height:1em}.elementor-widget-text-editor .elementor-drop-cap{float:left;text-align:center;line-height:1;font-size:50px}.elementor-widget-text-editor .elementor-drop-cap-letter{display:inline-block}<\/style>\t\t\t\t\t\t\t\t\t\t<\/div>\n\t\t\t\t<\/div>\n\t\t\t\t<div class=\"elementor-element elementor-element-1b69ef3 elementor-widget__width-initial elementor-widget elementor-widget-text-editor\" data-id=\"1b69ef3\" data-element_type=\"widget\" data-widget_type=\"text-editor.default\">\n\t\t\t\t<div class=\"elementor-widget-container\">\n\t\t\t\t\t\t\t<h6><strong>Carlos Lizana<\/strong><br \/>Gerente TI<br \/>clizana@cooprinsem.cl<br \/>Cooprinsem<\/h6><h6><strong>Mario Edo. OLIVARES<\/strong><br \/>Med. Vet. Mg. Ad.<br \/>Asesor Gen\u00e9tico Cooprinsem<br \/>ia-mario@cooprinsem.cl<\/h6><p>En diciembre se public\u00f3 la evaluaci\u00f3n gen\u00e9tica de primavera 2023, considerando 855.351 vacas, provenientes de 1197 predios con registros de Control Lechero Oficial de COOPRINSEM. En esta oportunidad se utilizaron 2.054.466 lactancias. COOPRINSEM es la \u00fanica entidad en Chile que realiza peri\u00f3dicamente Evaluaciones Gen\u00e9ticas de Ganado Bovino Lechero. Estas evaluaciones se realizan desde 1979, inicialmente en conjunto con la Universidad de Chile y desde 1986 en el \u00e1rea Inform\u00e1tica de COOPRINSEM. Actualmente se utiliza la metodolog\u00eda BLUP Modelo Animal, la cual fue implementada por primera vez en COOPRINSEM en el a\u00f1o 2008.<\/p><p>Actualmente se utiliza la base gen\u00e9tica 2015, que corresponde al valor gen\u00e9tico promedio de todas las hembras nacidas en el a\u00f1o 2015. As\u00ed, para el c\u00e1lculo de los PTA, se le resta esta base al PTA obtenido por cada animal para cada caracter\u00edstica analizada.<\/p><p><strong>RANKING DE PREDIOS PARA VEL Y PTA<\/strong><\/p><p><img loading=\"lazy\" decoding=\"async\" class=\"alignnone size-full wp-image-5821\" src=\"https:\/\/cooprinforma.cl\/wp-content\/uploads\/2023\/12\/tabla1.png\" alt=\"\" width=\"772\" height=\"472\" srcset=\"https:\/\/cooprinforma.cl\/wp-content\/uploads\/2023\/12\/tabla1.png 772w, https:\/\/cooprinforma.cl\/wp-content\/uploads\/2023\/12\/tabla1-300x183.png 300w, https:\/\/cooprinforma.cl\/wp-content\/uploads\/2023\/12\/tabla1-768x470.png 768w\" sizes=\"auto, (max-width: 772px) 100vw, 772px\" \/> <img loading=\"lazy\" decoding=\"async\" class=\"alignnone size-full wp-image-5822\" src=\"https:\/\/cooprinforma.cl\/wp-content\/uploads\/2023\/12\/tabla2.png\" alt=\"\" width=\"768\" height=\"468\" srcset=\"https:\/\/cooprinforma.cl\/wp-content\/uploads\/2023\/12\/tabla2.png 768w, https:\/\/cooprinforma.cl\/wp-content\/uploads\/2023\/12\/tabla2-300x183.png 300w\" sizes=\"auto, (max-width: 768px) 100vw, 768px\" \/> <img loading=\"lazy\" decoding=\"async\" class=\"alignnone size-full wp-image-5823\" src=\"https:\/\/cooprinforma.cl\/wp-content\/uploads\/2023\/12\/tabla3.png\" alt=\"\" width=\"764\" height=\"467\" srcset=\"https:\/\/cooprinforma.cl\/wp-content\/uploads\/2023\/12\/tabla3.png 764w, https:\/\/cooprinforma.cl\/wp-content\/uploads\/2023\/12\/tabla3-300x183.png 300w\" sizes=\"auto, (max-width: 764px) 100vw, 764px\" \/> <img loading=\"lazy\" decoding=\"async\" class=\"alignnone size-full wp-image-5824\" src=\"https:\/\/cooprinforma.cl\/wp-content\/uploads\/2023\/12\/tabla4.png\" alt=\"\" width=\"765\" height=\"466\" srcset=\"https:\/\/cooprinforma.cl\/wp-content\/uploads\/2023\/12\/tabla4.png 765w, https:\/\/cooprinforma.cl\/wp-content\/uploads\/2023\/12\/tabla4-300x183.png 300w\" sizes=\"auto, (max-width: 765px) 100vw, 765px\" \/> <img loading=\"lazy\" decoding=\"async\" class=\"alignnone size-full wp-image-5825\" src=\"https:\/\/cooprinforma.cl\/wp-content\/uploads\/2023\/12\/tabla5.png\" alt=\"\" width=\"765\" height=\"482\" srcset=\"https:\/\/cooprinforma.cl\/wp-content\/uploads\/2023\/12\/tabla5.png 765w, https:\/\/cooprinforma.cl\/wp-content\/uploads\/2023\/12\/tabla5-300x189.png 300w\" sizes=\"auto, (max-width: 765px) 100vw, 765px\" \/> <img loading=\"lazy\" decoding=\"async\" class=\"alignnone size-full wp-image-5826\" src=\"https:\/\/cooprinforma.cl\/wp-content\/uploads\/2023\/12\/tabla6.png\" alt=\"\" width=\"765\" height=\"481\" srcset=\"https:\/\/cooprinforma.cl\/wp-content\/uploads\/2023\/12\/tabla6.png 765w, https:\/\/cooprinforma.cl\/wp-content\/uploads\/2023\/12\/tabla6-300x189.png 300w\" sizes=\"auto, (max-width: 765px) 100vw, 765px\" \/><\/p><p>En las tablas 1 a la 6 se incluyen diversos ranking de predios, con las 10 mejores lecher\u00edas para VEL, PTA Leche, PTA Grasa Kg, PTA Prote\u00edna Kg, PTA Resistencia a la Mastitis y PTA Longevidad, respectivamente.<\/p><p><strong>EVOLUCI\u00d3<\/strong><strong>N DE VEL Y VARIABLES PRODUCTIVAS<\/strong><\/p><p><strong><img loading=\"lazy\" decoding=\"async\" class=\"alignnone size-full wp-image-5827\" src=\"https:\/\/cooprinforma.cl\/wp-content\/uploads\/2023\/12\/grafico1.png\" alt=\"\" width=\"780\" height=\"593\" srcset=\"https:\/\/cooprinforma.cl\/wp-content\/uploads\/2023\/12\/grafico1.png 780w, https:\/\/cooprinforma.cl\/wp-content\/uploads\/2023\/12\/grafico1-300x228.png 300w, https:\/\/cooprinforma.cl\/wp-content\/uploads\/2023\/12\/grafico1-768x584.png 768w\" sizes=\"auto, (max-width: 780px) 100vw, 780px\" \/> <img loading=\"lazy\" decoding=\"async\" class=\"alignnone size-full wp-image-5828\" src=\"https:\/\/cooprinforma.cl\/wp-content\/uploads\/2023\/12\/grafico2.png\" alt=\"\" width=\"779\" height=\"591\" srcset=\"https:\/\/cooprinforma.cl\/wp-content\/uploads\/2023\/12\/grafico2.png 779w, https:\/\/cooprinforma.cl\/wp-content\/uploads\/2023\/12\/grafico2-300x228.png 300w, https:\/\/cooprinforma.cl\/wp-content\/uploads\/2023\/12\/grafico2-768x583.png 768w\" sizes=\"auto, (max-width: 779px) 100vw, 779px\" \/> <img loading=\"lazy\" decoding=\"async\" class=\"alignnone size-full wp-image-5829\" src=\"https:\/\/cooprinforma.cl\/wp-content\/uploads\/2023\/12\/grafico3.png\" alt=\"\" width=\"780\" height=\"596\" srcset=\"https:\/\/cooprinforma.cl\/wp-content\/uploads\/2023\/12\/grafico3.png 780w, https:\/\/cooprinforma.cl\/wp-content\/uploads\/2023\/12\/grafico3-300x229.png 300w, https:\/\/cooprinforma.cl\/wp-content\/uploads\/2023\/12\/grafico3-768x587.png 768w\" sizes=\"auto, (max-width: 780px) 100vw, 780px\" \/> <img loading=\"lazy\" decoding=\"async\" class=\"alignnone size-full wp-image-5830\" src=\"https:\/\/cooprinforma.cl\/wp-content\/uploads\/2023\/12\/grafico4.png\" alt=\"\" width=\"778\" height=\"595\" srcset=\"https:\/\/cooprinforma.cl\/wp-content\/uploads\/2023\/12\/grafico4.png 778w, https:\/\/cooprinforma.cl\/wp-content\/uploads\/2023\/12\/grafico4-300x229.png 300w, https:\/\/cooprinforma.cl\/wp-content\/uploads\/2023\/12\/grafico4-768x587.png 768w\" sizes=\"auto, (max-width: 778px) 100vw, 778px\" \/> <img loading=\"lazy\" decoding=\"async\" class=\"alignnone size-full wp-image-5831\" src=\"https:\/\/cooprinforma.cl\/wp-content\/uploads\/2023\/12\/grafico5.png\" alt=\"\" width=\"586\" height=\"451\" srcset=\"https:\/\/cooprinforma.cl\/wp-content\/uploads\/2023\/12\/grafico5.png 586w, https:\/\/cooprinforma.cl\/wp-content\/uploads\/2023\/12\/grafico5-300x231.png 300w\" sizes=\"auto, (max-width: 586px) 100vw, 586px\" \/> <img loading=\"lazy\" decoding=\"async\" class=\"alignnone size-full wp-image-5832\" src=\"https:\/\/cooprinforma.cl\/wp-content\/uploads\/2023\/12\/grafico6.png\" alt=\"\" width=\"588\" height=\"451\" srcset=\"https:\/\/cooprinforma.cl\/wp-content\/uploads\/2023\/12\/grafico6.png 588w, https:\/\/cooprinforma.cl\/wp-content\/uploads\/2023\/12\/grafico6-300x230.png 300w\" sizes=\"auto, (max-width: 588px) 100vw, 588px\" \/><\/strong><\/p><p>Los gr\u00e1ficos 1, 2 y 3 muestran las tendencias de los promedios de VEL, VEL productivo y VEL funcional considerando a todas las vacas nacidas entre 1986 y 2020. Se observa que el VEL (Gr\u00e1fico 1) tiene una evoluci\u00f3n positiva en los \u00faltimos 35 a\u00f1os, lo que muestra que los criterios de selecci\u00f3n aplicados sobre la poblaci\u00f3n se han reflejado en una mejora gen\u00e9tica con un efecto positivo en el rendimiento econ\u00f3mico predial.<\/p><p>Al desglosar el VEL en sus componentes productivo y funcional\u00a0 (Gr\u00e1ficos 2 y 3) podemos ver que el mejoramiento funcional se ha presentado en los \u00faltimos 10 a\u00f1os, mientras que para el VEL productivo la tendencia de mejora es irregular pero continua. Como el VEL se expresa en miles de pesos, la mejora en el VEL funcional representa aproximadamente $10.000 por vaca lactancia. Para el VEL productivo, este valor alcanza a $14.000; pero en 35 a\u00f1os.<\/p><p>Los gr\u00e1ficos 4, 5 y 6 muestran las tendencias de los promedios de PTA Leche, Grasa y Prote\u00edna (Kg) considerando a todas las vacas nacidas entre 1986 y 2020.<\/p><p>Los comportamientos de estos PTA son distintos; mientras la Leche mejora hasta 2009 y a partir de ese a\u00f1o cae 200 Kg hasta valores gen\u00e9ticos similares a los de 1987 (Gr\u00e1fico 4), los PTA para kilos de grasa y kilos de prote\u00edna, mejoran en 3,5 Kg y 2,5 Kg, respectivamente (Gr\u00e1ficos 5 y 6). La evoluci\u00f3n de estas \u00faltimas dos variables no ha sido paralela a trav\u00e9s de los a\u00f1os, lo que refleja cambios en los criterios de selecci\u00f3n ocurridos en estos 35 a\u00f1os.<\/p><p><strong>EVOLUCI\u00d3<\/strong><strong>N DE LA CONCENTRACI\u00d3<\/strong><strong>N DE GRASA Y PROTEINA L\u00c1CTEA<\/strong><\/p><p><strong><img loading=\"lazy\" decoding=\"async\" class=\"alignnone size-full wp-image-5833\" src=\"https:\/\/cooprinforma.cl\/wp-content\/uploads\/2023\/12\/grafico7.png\" alt=\"\" width=\"781\" height=\"610\" srcset=\"https:\/\/cooprinforma.cl\/wp-content\/uploads\/2023\/12\/grafico7.png 781w, https:\/\/cooprinforma.cl\/wp-content\/uploads\/2023\/12\/grafico7-300x234.png 300w, https:\/\/cooprinforma.cl\/wp-content\/uploads\/2023\/12\/grafico7-768x600.png 768w\" sizes=\"auto, (max-width: 781px) 100vw, 781px\" \/> <img loading=\"lazy\" decoding=\"async\" class=\"alignnone size-full wp-image-5834\" src=\"https:\/\/cooprinforma.cl\/wp-content\/uploads\/2023\/12\/grafico8.png\" alt=\"\" width=\"779\" height=\"609\" srcset=\"https:\/\/cooprinforma.cl\/wp-content\/uploads\/2023\/12\/grafico8.png 779w, https:\/\/cooprinforma.cl\/wp-content\/uploads\/2023\/12\/grafico8-300x235.png 300w, https:\/\/cooprinforma.cl\/wp-content\/uploads\/2023\/12\/grafico8-768x600.png 768w\" sizes=\"auto, (max-width: 779px) 100vw, 779px\" \/><\/strong><\/p><p>Los gr\u00e1ficos 7 y 8 muestran las tendencias de los promedios de PTA Porcentaje de Materia Grasa y Porcentaje de Prote\u00edna L\u00e1ctea para las mismas vacas.<\/p><p>Analizando los gr\u00e1ficos de evoluci\u00f3n de PTA % Grasa y PTA % Prote\u00edna (Gr\u00e1ficos 7 y 8), se aprecia un cambio de criterio muy marcado en cuanto al \u00e9nfasis de selecci\u00f3n: mientras en el per\u00edodo comprendido entre 1986 al 2007, se observa una tendencia negativa, \u00e9sta se revierte a partir de nacimientos de 2008,\u00a0 con mejoras gen\u00e9ticas de +0,1 % para grasa y +0,065 % para prote\u00edna l\u00e1ctea.<\/p><p>Estos cambios muestran como los productores se han adaptado a las se\u00f1ales econ\u00f3micas incluidas en las pautas de pago de las plantas lecheras.<\/p><p><strong>COMPOSICI\u00d3<\/strong><strong>N RACIAL DE LAS VACAS EN CONTROL LECHERO<\/strong><\/p><p><strong><img loading=\"lazy\" decoding=\"async\" class=\"alignnone size-full wp-image-5835\" src=\"https:\/\/cooprinforma.cl\/wp-content\/uploads\/2023\/12\/tabla7.png\" alt=\"\" width=\"989\" height=\"170\" srcset=\"https:\/\/cooprinforma.cl\/wp-content\/uploads\/2023\/12\/tabla7.png 989w, https:\/\/cooprinforma.cl\/wp-content\/uploads\/2023\/12\/tabla7-300x52.png 300w, https:\/\/cooprinforma.cl\/wp-content\/uploads\/2023\/12\/tabla7-768x132.png 768w\" sizes=\"auto, (max-width: 989px) 100vw, 989px\" \/> <img loading=\"lazy\" decoding=\"async\" class=\"alignnone size-full wp-image-5836\" src=\"https:\/\/cooprinforma.cl\/wp-content\/uploads\/2023\/12\/tabla8.png\" alt=\"\" width=\"987\" height=\"173\" srcset=\"https:\/\/cooprinforma.cl\/wp-content\/uploads\/2023\/12\/tabla8.png 987w, https:\/\/cooprinforma.cl\/wp-content\/uploads\/2023\/12\/tabla8-300x53.png 300w, https:\/\/cooprinforma.cl\/wp-content\/uploads\/2023\/12\/tabla8-768x135.png 768w\" sizes=\"auto, (max-width: 987px) 100vw, 987px\" \/> <img loading=\"lazy\" decoding=\"async\" class=\"alignnone size-full wp-image-5837\" src=\"https:\/\/cooprinforma.cl\/wp-content\/uploads\/2023\/12\/tabla9.png\" alt=\"\" width=\"987\" height=\"175\" srcset=\"https:\/\/cooprinforma.cl\/wp-content\/uploads\/2023\/12\/tabla9.png 987w, https:\/\/cooprinforma.cl\/wp-content\/uploads\/2023\/12\/tabla9-300x53.png 300w, https:\/\/cooprinforma.cl\/wp-content\/uploads\/2023\/12\/tabla9-768x136.png 768w\" sizes=\"auto, (max-width: 987px) 100vw, 987px\" \/><\/strong><\/p><p>Desde 2022 las evaluaciones gen\u00e9ticas de ganado lechero consideran la composici\u00f3n racial de las vacas seg\u00fan pertenencia a cuatro grupos (Holstein, Jersey, MRY (incluye overo colorados de Chile) y Otros (incluye razas europeas no Holstein). Las tablas 7, 8 y 9 muestran los promedios de PTA para Leche, Grasa, Prote\u00edna, % Grasa, % Prote\u00edna, Resistencia a la Mastitis, Lapso Inter Parto, Edad al Primer Parto y Longevidad y los promedios de VEL, VELProductivo y VEL Funcional, seg\u00fan el porcentaje de genes Holstein (Tabla 7), Jersey (Tabla 8) y MRY (Tabla 9) de las vacas actuales en CLO. Se observa comoa medida que aumenta el porcentaje Holstein o disminuye el % Jersey o el % MRY, aumenta el VEL promedio de las vacas actuales en Control Lechero.<\/p><p><img loading=\"lazy\" decoding=\"async\" class=\"alignnone size-full wp-image-5838\" src=\"https:\/\/cooprinforma.cl\/wp-content\/uploads\/2023\/12\/tabla10.png\" alt=\"\" width=\"442\" height=\"127\" srcset=\"https:\/\/cooprinforma.cl\/wp-content\/uploads\/2023\/12\/tabla10.png 442w, https:\/\/cooprinforma.cl\/wp-content\/uploads\/2023\/12\/tabla10-300x86.png 300w\" sizes=\"auto, (max-width: 442px) 100vw, 442px\" \/>Finalmente, seg\u00fan muestra la Tabla N\u00ba 10, el 83,7% de los genes de las vacas actuales son Holstein1, un 6,9% Jersey, un 6,2 % MRY2 y el restante 3,3% corresponde a genes de razas europeas no Holstein3.<\/p><ul><li>(1) Animales Holstein incluyen Holstein USA, Europeos y de Ocean\u00eda.<\/li><li>(2) Animales MRY incluyen ganado alem\u00e1n y de otros or\u00edgenes europeos (Meuse-Rhine-Yssel cattle, MRY), as\u00ed como ganado overo colorado de Chile.<\/li><li>(3) Animales bajo el grupo otros, incluye razas europeas, como Ayrshire y Rojo Escandinavo, Montbeliarde, Normando y Pardo Suizo, principalmente.<\/li><\/ul>\t\t\t\t\t\t<\/div>\n\t\t\t\t<\/div>\n\t\t\t\t\t<\/div>\n\t\t<\/div>\n\t\t\t\t<div class=\"elementor-column elementor-col-33 elementor-top-column elementor-element elementor-element-1d0f501\" data-id=\"1d0f501\" data-element_type=\"column\">\n\t\t\t<div class=\"elementor-widget-wrap elementor-element-populated\">\n\t\t\t\t\t\t\t\t<div class=\"elementor-element elementor-element-3282d66 elementor-widget elementor-widget-text-editor\" data-id=\"3282d66\" data-element_type=\"widget\" data-widget_type=\"text-editor.default\">\n\t\t\t\t<div class=\"elementor-widget-container\">\n\t\t\t\t\t\t\t<p><a href=\"https:\/\/cooprinforma.cl\/index.php\/ediciones\/\"><img loading=\"lazy\" decoding=\"async\" class=\"alignnone wp-image-5812 size-medium\" src=\"https:\/\/cooprinforma.cl\/wp-content\/uploads\/2023\/12\/ver-revista_180-03-300x250.png\" alt=\"\" width=\"300\" height=\"250\" \/><\/a><\/p><p><a href=\"https:\/\/aegnutricionanimal.cl\/rumimax\/\" target=\"_blank\" rel=\"noopener\"><img loading=\"lazy\" decoding=\"async\" class=\"alignnone wp-image-4605 size-full\" src=\"https:\/\/cooprinforma.cl\/wp-content\/uploads\/2023\/06\/D1.jpg\" alt=\"\" width=\"301\" height=\"250\" \/><\/a><br \/><br \/><img loading=\"lazy\" decoding=\"async\" class=\"alignnone wp-image-5713 size-full\" src=\"https:\/\/cooprinforma.cl\/wp-content\/uploads\/gif\/syg.gif\" alt=\"\" width=\"300\" height=\"250\" \/><\/p>\t\t\t\t\t\t<\/div>\n\t\t\t\t<\/div>\n\t\t\t\t\t<\/div>\n\t\t<\/div>\n\t\t\t\t\t\t\t<\/div>\n\t\t<\/section>\n\t\t\t\t\t\t\t<\/div>\n\t\t","protected":false},"excerpt":{"rendered":"<p>Carlos LizanaGerente TIclizana@cooprinsem.clCooprinsem Mario Edo. OLIVARESMed. Vet. Mg. Ad.Asesor Gen\u00e9tico Cooprinsemia-mario@cooprinsem.cl En diciembre se public\u00f3 la evaluaci\u00f3n gen\u00e9tica de primavera 2023, considerando 855.351 vacas, provenientes de 1197 predios con registros de Control Lechero Oficial de COOPRINSEM. En esta oportunidad se utilizaron 2.054.466 lactancias. COOPRINSEM es la \u00fanica entidad en Chile que realiza peri\u00f3dicamente Evaluaciones Gen\u00e9ticas [&hellip;]<\/p>\n","protected":false},"author":1,"featured_media":5404,"comment_status":"closed","ping_status":"closed","sticky":false,"template":"","format":"standard","meta":{"footnotes":""},"categories":[27],"tags":[32],"class_list":["post-5819","post","type-post","status-publish","format-standard","has-post-thumbnail","hentry","category-evaluaciones-geneticas","tag-edicion-180"],"_links":{"self":[{"href":"https:\/\/cooprinforma.cl\/index.php\/wp-json\/wp\/v2\/posts\/5819","targetHints":{"allow":["GET"]}}],"collection":[{"href":"https:\/\/cooprinforma.cl\/index.php\/wp-json\/wp\/v2\/posts"}],"about":[{"href":"https:\/\/cooprinforma.cl\/index.php\/wp-json\/wp\/v2\/types\/post"}],"author":[{"embeddable":true,"href":"https:\/\/cooprinforma.cl\/index.php\/wp-json\/wp\/v2\/users\/1"}],"replies":[{"embeddable":true,"href":"https:\/\/cooprinforma.cl\/index.php\/wp-json\/wp\/v2\/comments?post=5819"}],"version-history":[{"count":17,"href":"https:\/\/cooprinforma.cl\/index.php\/wp-json\/wp\/v2\/posts\/5819\/revisions"}],"predecessor-version":[{"id":5998,"href":"https:\/\/cooprinforma.cl\/index.php\/wp-json\/wp\/v2\/posts\/5819\/revisions\/5998"}],"wp:featuredmedia":[{"embeddable":true,"href":"https:\/\/cooprinforma.cl\/index.php\/wp-json\/wp\/v2\/media\/5404"}],"wp:attachment":[{"href":"https:\/\/cooprinforma.cl\/index.php\/wp-json\/wp\/v2\/media?parent=5819"}],"wp:term":[{"taxonomy":"category","embeddable":true,"href":"https:\/\/cooprinforma.cl\/index.php\/wp-json\/wp\/v2\/categories?post=5819"},{"taxonomy":"post_tag","embeddable":true,"href":"https:\/\/cooprinforma.cl\/index.php\/wp-json\/wp\/v2\/tags?post=5819"}],"curies":[{"name":"wp","href":"https:\/\/api.w.org\/{rel}","templated":true}]}}