{"id":5347,"date":"2023-08-13T00:26:43","date_gmt":"2023-08-13T04:26:43","guid":{"rendered":"https:\/\/cooprinforma.cl\/?p=5347"},"modified":"2023-09-11T19:43:15","modified_gmt":"2023-09-11T23:43:15","slug":"cooprinsem-celebro-55-anos-de-liderazgo-e-innovacion-en-el-sector-agropecuario","status":"publish","type":"post","link":"https:\/\/cooprinforma.cl\/index.php\/2023\/08\/13\/cooprinsem-celebro-55-anos-de-liderazgo-e-innovacion-en-el-sector-agropecuario\/","title":{"rendered":"Cooprinsem celebr\u00f3 55 a\u00f1os de liderazgo e innovaci\u00f3n en el sector agropecuario"},"content":{"rendered":"\t\t<div data-elementor-type=\"wp-post\" data-elementor-id=\"5347\" class=\"elementor elementor-5347\">\n\t\t\t\t\t\t\t\t\t<section class=\"elementor-section elementor-top-section elementor-element elementor-element-1fc4390 elementor-section-boxed elementor-section-height-default elementor-section-height-default\" data-id=\"1fc4390\" data-element_type=\"section\">\n\t\t\t\t\t\t<div class=\"elementor-container elementor-column-gap-default\">\n\t\t\t\t\t<div class=\"elementor-column elementor-col-66 elementor-top-column elementor-element elementor-element-057f718\" data-id=\"057f718\" data-element_type=\"column\">\n\t\t\t<div class=\"elementor-widget-wrap elementor-element-populated\">\n\t\t\t\t\t\t\t\t<div class=\"elementor-element elementor-element-7debb8c elementor-widget elementor-widget-text-editor\" data-id=\"7debb8c\" data-element_type=\"widget\" data-widget_type=\"text-editor.default\">\n\t\t\t\t<div class=\"elementor-widget-container\">\n\t\t\t<style>\/*! elementor - v3.13.3 - 28-05-2023 *\/\n.elementor-widget-text-editor.elementor-drop-cap-view-stacked .elementor-drop-cap{background-color:#69727d;color:#fff}.elementor-widget-text-editor.elementor-drop-cap-view-framed .elementor-drop-cap{color:#69727d;border:3px solid;background-color:transparent}.elementor-widget-text-editor:not(.elementor-drop-cap-view-default) .elementor-drop-cap{margin-top:8px}.elementor-widget-text-editor:not(.elementor-drop-cap-view-default) .elementor-drop-cap-letter{width:1em;height:1em}.elementor-widget-text-editor .elementor-drop-cap{float:left;text-align:center;line-height:1;font-size:50px}.elementor-widget-text-editor .elementor-drop-cap-letter{display:inline-block}<\/style>\t\t\t\t\t\t\t\t\t\t<\/div>\n\t\t\t\t<\/div>\n\t\t\t\t<div class=\"elementor-element elementor-element-82ddb5f elementor-widget__width-initial elementor-widget elementor-widget-text-editor\" data-id=\"82ddb5f\" data-element_type=\"widget\" data-widget_type=\"text-editor.default\">\n\t\t\t\t<div class=\"elementor-widget-container\">\n\t\t\t\t\t\t\t<p><img loading=\"lazy\" decoding=\"async\" src=\"https:\/\/cooprinforma.cl\/wp-content\/uploads\/2023\/08\/PORTADA--1024x633.jpg\" alt=\"\" width=\"1024\" height=\"633\" \/><\/p><p>Cooprinsem, empresa l\u00edder en el desarrollo de la agricultura en Chile, celebr\u00f3 su aniversario n\u00famero 55 en una emocionante jornada que tuvo lugar en las instalaciones del Hotel Sonesta. El evento reuni\u00f3 a colaboradores de todas las sucursales de la empresa, desde Santiago hasta Chilo\u00e9, marcando as\u00ed un hito significativo en su historia.<\/p><p>La cena de aniversario fue el escenario perfecto para conmemorar m\u00e1s de medio siglo de trayectoria exitosa en el sector. Durante la velada, se destacaron los logros e hitos alcanzados por Cooprinsem desde su fundaci\u00f3n, as\u00ed como el papel fundamental que ha desempe\u00f1ado en el desarrollo y fortalecimiento del sector agr\u00edcola de la regi\u00f3n.<\/p><p>La celebraci\u00f3n se inici\u00f3 con las palabras de bienvenida del Gerente General, Felipe Gottschalk, quien destac\u00f3 el compromiso y la dedicaci\u00f3n de todos los que forman parte de Cooprinsem. A su vez, apunt\u00f3 que gracias a su esfuerzo, la cooperativa se ha posicionado como una de las m\u00e1s destacadas del pa\u00eds y ha logrado ser reconocida como una de las mejores empresas de Chile.<\/p><p><span style=\"letter-spacing: 0.1px;\">Durante la jornada, se llevaron a cabo diversas premiaciones para reconocer a los colaboradores que han sido parte fundamental del crecimiento y \u00e9xito de Cooprinsem. Se entregaron galardones a aquellos que han cumplido 5, 10, 15, 20, 30 y 35 a\u00f1os de servicio, destacando entre ellos la trayectoria de Daniel Andrade Oliva, Luis Montenegro Llaitul y Hector Ampuero Vivar, quienes han sido un ejemplo de compromiso y dedicaci\u00f3n a lo largo de los a\u00f1os.<\/span><\/p><p><span style=\"letter-spacing: 0.1px;\">Adem\u00e1s, la cooperativa otorg\u00f3 el prestigioso premio \u00abEsp\u00edritu Cooprinsem\u00bb, uno de los reconocimientos m\u00e1s importantes que se entrega en la cooperativa. Este galard\u00f3n honra y reconoce a la persona que mejor representa los valores que la empresa busca reflejar en todos sus colaboradores. Es un reconocimiento especial a aquel individuo que encarna la esencia y el compromiso de Cooprinsem en su labor diaria. Este a\u00f1o, la distinci\u00f3n recay\u00f3 en Juan Padilla Llancaleo, Cristina Santana Sol\u00eds, Guillermo Riquelme Mena, Mauricio Conrads Stuckrath y C\u00e9sar Angulo C\u00e1rdenas.<\/span><\/p><p>La celebraci\u00f3n del aniversario n\u00famero 55 fue un momento de alegr\u00eda y gratitud, donde se destac\u00f3 la importancia de cada colaborador en el \u00e9xito de la empresa. Adem\u00e1s, se reafirm\u00f3 el compromiso de la cooperativa de seguir siendo l\u00edder en el desarrollo de la agricultura en Chile, impulsando la innovaci\u00f3n, la sustentabilidad y el progreso en el sector.<\/p><p>Felipe Gottschalk, Gerente General de Cooprinsem, expres\u00f3 su satisfacci\u00f3n por este encuentro. \u00abNos complace celebrar otro a\u00f1o de nuestra cooperativa, junto a una inmensa mayor\u00eda de colaboradores, tras varios a\u00f1os sin poder realizar una fiesta tan masiva. Es un momento \u00fanico para encontrarnos, desde Santiago hasta Ancud, abarcando numerosas ciudades donde estamos presentes, al servicio del sector agropecuario\u00bb.<\/p><p>\u00abEs un privilegio poder celebrar este hito en un lugar tan especial como Osorno, donde naci\u00f3 nuestra cooperativa hace m\u00e1s de medio siglo. Es un momento para valorar y reconocer la dedicaci\u00f3n de tantos colegas y compa\u00f1eros de trabajo que han contribuido a nuestro crecimiento\u00bb, finaliz\u00f3.<\/p>\t\t\t\t\t\t<\/div>\n\t\t\t\t<\/div>\n\t\t\t\t\t<\/div>\n\t\t<\/div>\n\t\t\t\t<div class=\"elementor-column elementor-col-33 elementor-top-column elementor-element elementor-element-2baf99a\" data-id=\"2baf99a\" data-element_type=\"column\">\n\t\t\t<div class=\"elementor-widget-wrap elementor-element-populated\">\n\t\t\t\t\t\t\t\t<div class=\"elementor-element elementor-element-6e975b8 elementor-widget elementor-widget-text-editor\" data-id=\"6e975b8\" data-element_type=\"widget\" data-widget_type=\"text-editor.default\">\n\t\t\t\t<div class=\"elementor-widget-container\">\n\t\t\t\t\t\t\t<p><a href=\"https:\/\/cooprinforma.cl\/index.php\/ediciones\/\"><img loading=\"lazy\" decoding=\"async\" class=\"alignnone wp-image-5349 size-full\" src=\"https:\/\/cooprinforma.cl\/wp-content\/uploads\/2023\/08\/banner-178.jpg\" alt=\"\" width=\"300\" height=\"250\" \/><\/a><\/p><p><a href=\"https:\/\/aegnutricionanimal.cl\/rumimax\/\" target=\"_blank\" rel=\"noopener\"><img loading=\"lazy\" decoding=\"async\" class=\"alignnone wp-image-4605 size-full\" src=\"https:\/\/cooprinforma.cl\/wp-content\/uploads\/2023\/06\/D1.jpg\" alt=\"\" width=\"301\" height=\"250\" \/><\/a><a href=\"http:\/\/www.sqmc.cl\" target=\"_blank\" rel=\"noopener\"><img loading=\"lazy\" decoding=\"async\" class=\"alignnone wp-image-5527 size-full\" src=\"https:\/\/cooprinforma.cl\/wp-content\/uploads\/2023\/09\/sqm-e1694475340266.png\" alt=\"\" width=\"300\" height=\"249\" \/><\/a><br \/><img loading=\"lazy\" decoding=\"async\" class=\"alignnone wp-image-4781 size-medium\" src=\"https:\/\/cooprinforma.cl\/wp-content\/uploads\/Karate_.gif\" alt=\"\" width=\"300\" height=\"252\" \/><\/p>\t\t\t\t\t\t<\/div>\n\t\t\t\t<\/div>\n\t\t\t\t\t<\/div>\n\t\t<\/div>\n\t\t\t\t\t\t\t<\/div>\n\t\t<\/section>\n\t\t\t\t\t\t\t<\/div>\n\t\t","protected":false},"excerpt":{"rendered":"<p>Cooprinsem, empresa l\u00edder en el desarrollo de la agricultura en Chile, celebr\u00f3 su aniversario n\u00famero 55 en una emocionante jornada que tuvo lugar en las instalaciones del Hotel Sonesta. El evento reuni\u00f3 a colaboradores de todas las sucursales de la empresa, desde Santiago hasta Chilo\u00e9, marcando as\u00ed un hito significativo en su historia. La cena [&hellip;]<\/p>\n","protected":false},"author":1,"featured_media":5350,"comment_status":"closed","ping_status":"closed","sticky":false,"template":"","format":"standard","meta":{"footnotes":""},"categories":[14],"tags":[22],"class_list":["post-5347","post","type-post","status-publish","format-standard","has-post-thumbnail","hentry","category-noticias-cooprinsem","tag-edicion-178"],"_links":{"self":[{"href":"https:\/\/cooprinforma.cl\/index.php\/wp-json\/wp\/v2\/posts\/5347","targetHints":{"allow":["GET"]}}],"collection":[{"href":"https:\/\/cooprinforma.cl\/index.php\/wp-json\/wp\/v2\/posts"}],"about":[{"href":"https:\/\/cooprinforma.cl\/index.php\/wp-json\/wp\/v2\/types\/post"}],"author":[{"embeddable":true,"href":"https:\/\/cooprinforma.cl\/index.php\/wp-json\/wp\/v2\/users\/1"}],"replies":[{"embeddable":true,"href":"https:\/\/cooprinforma.cl\/index.php\/wp-json\/wp\/v2\/comments?post=5347"}],"version-history":[{"count":11,"href":"https:\/\/cooprinforma.cl\/index.php\/wp-json\/wp\/v2\/posts\/5347\/revisions"}],"predecessor-version":[{"id":5557,"href":"https:\/\/cooprinforma.cl\/index.php\/wp-json\/wp\/v2\/posts\/5347\/revisions\/5557"}],"wp:featuredmedia":[{"embeddable":true,"href":"https:\/\/cooprinforma.cl\/index.php\/wp-json\/wp\/v2\/media\/5350"}],"wp:attachment":[{"href":"https:\/\/cooprinforma.cl\/index.php\/wp-json\/wp\/v2\/media?parent=5347"}],"wp:term":[{"taxonomy":"category","embeddable":true,"href":"https:\/\/cooprinforma.cl\/index.php\/wp-json\/wp\/v2\/categories?post=5347"},{"taxonomy":"post_tag","embeddable":true,"href":"https:\/\/cooprinforma.cl\/index.php\/wp-json\/wp\/v2\/tags?post=5347"}],"curies":[{"name":"wp","href":"https:\/\/api.w.org\/{rel}","templated":true}]}}