{"id":181,"date":"2023-06-09T20:00:00","date_gmt":"2023-06-10T00:00:00","guid":{"rendered":"https:\/\/cooprinforma.cl\/?p=181"},"modified":"2023-06-20T00:05:50","modified_gmt":"2023-06-20T04:05:50","slug":"jornadas-tecnicas-buscaron-impulsar-y-fortalecer-el-sector-lacteo-en-diferentes-areas-de-negocio","status":"publish","type":"post","link":"https:\/\/cooprinforma.cl\/index.php\/2023\/06\/09\/jornadas-tecnicas-buscaron-impulsar-y-fortalecer-el-sector-lacteo-en-diferentes-areas-de-negocio\/","title":{"rendered":"Jornadas T\u00e9cnicas buscaron impulsar y fortalecer el sector l\u00e1cteo en diferentes \u00e1reas de negocio"},"content":{"rendered":"\t\t<div data-elementor-type=\"wp-post\" data-elementor-id=\"181\" class=\"elementor elementor-181\">\n\t\t\t\t\t\t\t\t\t<section class=\"elementor-section elementor-top-section elementor-element elementor-element-c9f7876 elementor-section-boxed elementor-section-height-default elementor-section-height-default\" data-id=\"c9f7876\" data-element_type=\"section\">\n\t\t\t\t\t\t<div class=\"elementor-container elementor-column-gap-default\">\n\t\t\t\t\t<div class=\"elementor-column elementor-col-66 elementor-top-column elementor-element elementor-element-20725a3\" data-id=\"20725a3\" data-element_type=\"column\">\n\t\t\t<div class=\"elementor-widget-wrap elementor-element-populated\">\n\t\t\t\t\t\t\t\t<div class=\"elementor-element elementor-element-8c2e2e2 elementor-widget elementor-widget-text-editor\" data-id=\"8c2e2e2\" data-element_type=\"widget\" data-widget_type=\"text-editor.default\">\n\t\t\t\t<div class=\"elementor-widget-container\">\n\t\t\t<style>\/*! elementor - v3.13.3 - 28-05-2023 *\/\n.elementor-widget-text-editor.elementor-drop-cap-view-stacked .elementor-drop-cap{background-color:#69727d;color:#fff}.elementor-widget-text-editor.elementor-drop-cap-view-framed .elementor-drop-cap{color:#69727d;border:3px solid;background-color:transparent}.elementor-widget-text-editor:not(.elementor-drop-cap-view-default) .elementor-drop-cap{margin-top:8px}.elementor-widget-text-editor:not(.elementor-drop-cap-view-default) .elementor-drop-cap-letter{width:1em;height:1em}.elementor-widget-text-editor .elementor-drop-cap{float:left;text-align:center;line-height:1;font-size:50px}.elementor-widget-text-editor .elementor-drop-cap-letter{display:inline-block}<\/style>\t\t\t\t<p>\u00a0<\/p>\n<p><!-- \/wp:paragraph --><\/p>\n<p><!-- wp:paragraph --><\/p><figure id=\"attachment_183\" aria-describedby=\"caption-attachment-183\" style=\"width: 700px\" class=\"wp-caption alignleft\"><img decoding=\"async\" class=\"wp-image-183 size-large\" style=\"color: var( --e-global-color-text ); font-family: var( --e-global-typography-text-font-family ), Sans-serif; font-weight: var( --e-global-typography-text-font-weight ); text-align: center; background-color: var(--wp--preset--color--white); font-size: var(--wp--preset--font-size--small);\" src=\"https:\/\/cooprinforma.cl\/wp-content\/uploads\/2023\/06\/FOTO-OFICIAL-1-1024x683.jpg\" alt=\"\" width=\"700\" srcset=\"https:\/\/cooprinforma.cl\/wp-content\/uploads\/2023\/06\/FOTO-OFICIAL-1-1024x683.jpg 1024w, https:\/\/cooprinforma.cl\/wp-content\/uploads\/2023\/06\/FOTO-OFICIAL-1-300x200.jpg 300w, https:\/\/cooprinforma.cl\/wp-content\/uploads\/2023\/06\/FOTO-OFICIAL-1-768x512.jpg 768w, https:\/\/cooprinforma.cl\/wp-content\/uploads\/2023\/06\/FOTO-OFICIAL-1-1536x1024.jpg 1536w, https:\/\/cooprinforma.cl\/wp-content\/uploads\/2023\/06\/FOTO-OFICIAL-1-2048x1365.jpg 2048w\" sizes=\"(max-width: 1024px) 100vw, 1024px\" \/><figcaption id=\"caption-attachment-183\" class=\"wp-caption-text\"><span style=\"color: var( --e-global-color-text ); font-family: var( --e-global-typography-text-font-family ), Sans-serif; font-weight: var( --e-global-typography-text-font-weight ); font-size: var(--wp--preset--font-size--medium); background-color: var(--wp--preset--color--white);\"><i> Arturo Gebauer, Carlos Lizana, Hugo Quattrochi, Mario Olivares, Paola Vargas, Ernesto Vigilizzo , Jacobus de Waard, Felipe Gottschalk y Enrique Bombal<\/i><\/span><\/figcaption><\/figure><div>\n<p>En los salones del Hotel Sonesta, Cooprinsem retom\u00f3 una de sus actividades m\u00e1s relevantes del sector, tras tres a\u00f1os sin poder llevarse a cabo: las Jornadas T\u00e9cnicas. Bajo el nombre de \u00abProducci\u00f3n lechera en tiempos de cambio\u00bb, esta nueva versi\u00f3n reuni\u00f3 a m\u00e1s de 250 productores, colaboradores, estudiantes y profesionales del agro, con el objetivo de abordar temas de inter\u00e9s para la industria l\u00e1ctea y analizar la realidad que se vive en los campos.<\/p>\n<p><!-- \/wp:paragraph --><\/p>\n<p><!-- wp:image {\"align\":\"center\",\"id\":184,\"sizeSlug\":\"large\",\"linkDestination\":\"none\"} --><\/p>\n<figure class=\"wp-block-image aligncenter size-large\"><img loading=\"lazy\" decoding=\"async\" width=\"1024\" height=\"683\" class=\"wp-image-184\" src=\"https:\/\/cooprinforma.cl\/wp-content\/uploads\/2023\/06\/FOTO-2-1024x683.jpg\" alt=\"\" srcset=\"https:\/\/cooprinforma.cl\/wp-content\/uploads\/2023\/06\/FOTO-2-1024x683.jpg 1024w, https:\/\/cooprinforma.cl\/wp-content\/uploads\/2023\/06\/FOTO-2-300x200.jpg 300w, https:\/\/cooprinforma.cl\/wp-content\/uploads\/2023\/06\/FOTO-2-768x512.jpg 768w, https:\/\/cooprinforma.cl\/wp-content\/uploads\/2023\/06\/FOTO-2-1536x1024.jpg 1536w, https:\/\/cooprinforma.cl\/wp-content\/uploads\/2023\/06\/FOTO-2-2048x1365.jpg 2048w\" sizes=\"auto, (max-width: 1024px) 100vw, 1024px\" \/><\/figure>\n<p><!-- \/wp:image --><\/p>\n<p><!-- wp:paragraph --><\/p>\n<p>En este sentido, la cooperativa reafirm\u00f3 su compromiso constante de proporcionar soluciones innovadoras a sus clientes, permiti\u00e9ndoles comprender, adaptarse y enfrentar esta nueva situaci\u00f3n. Con un enfoque en el desarrollo sustentable del sector, se llevaron a cabo diversas charlas a cargo de especialistas nacionales e internacionales.<\/p>\n<p><!-- \/wp:paragraph --><\/p>\n<p><!-- wp:paragraph --><\/p>\n<p>Esta importante instancia comenz\u00f3 con la exposici\u00f3n del m\u00e9dico veterinario y Asesor T\u00e9cnico Comercial de Cooprinsem, Mario Edo. Olivares, quien habl\u00f3 sobre la evoluci\u00f3n de la competitividad de las lecher\u00edas nacionales. A continuaci\u00f3n, Ernesto Viglizzo, ingeniero agr\u00f3nomo con amplia experiencia cient\u00edfica y t\u00e9cnica en instituciones de Argentina, ofreci\u00f3 una presentaci\u00f3n sobre el ganado y su impacto real en el cambio clim\u00e1tico.<br \/>Hugo Quattrochi, consultor de empresas especializado en lecher\u00eda de Argentina y miembro del International Farm Comparison Network (IFCN), realiz\u00f3 un simposio centrado en los factores que hacen a las lecher\u00edas resilientes en la actualidad.<\/p>\n<p><!-- \/wp:paragraph --><\/p>\n<p><!-- wp:paragraph --><\/p>\n<p>Las jornadas continuaron con la charla de Jacobus H. de Waard, experto en t\u00e9cnicas gen\u00e9ticas y biolog\u00eda molecular, titulada \u00abLa leche A2: mitos y verdades\u00bb. Posteriormente, Carlos Lizana, Gerente de Tecnolog\u00edas de la Informaci\u00f3n de Cooprinsem, llev\u00f3 a cabo una exposici\u00f3n sobre el concepto de productividad por d\u00eda de vida y sus implicancias.<\/p>\n<p><!-- \/wp:paragraph --><\/p>\n<p><!-- wp:image {\"align\":\"center\",\"id\":185,\"sizeSlug\":\"large\",\"linkDestination\":\"none\"} --><\/p>\n<figure class=\"wp-block-image aligncenter size-large\"><img loading=\"lazy\" decoding=\"async\" width=\"1024\" height=\"683\" class=\"wp-image-185\" src=\"https:\/\/cooprinforma.cl\/wp-content\/uploads\/2023\/06\/FOTO-3-1024x683.jpg\" alt=\"\" srcset=\"https:\/\/cooprinforma.cl\/wp-content\/uploads\/2023\/06\/FOTO-3-1024x683.jpg 1024w, https:\/\/cooprinforma.cl\/wp-content\/uploads\/2023\/06\/FOTO-3-300x200.jpg 300w, https:\/\/cooprinforma.cl\/wp-content\/uploads\/2023\/06\/FOTO-3-768x512.jpg 768w, https:\/\/cooprinforma.cl\/wp-content\/uploads\/2023\/06\/FOTO-3-1536x1024.jpg 1536w, https:\/\/cooprinforma.cl\/wp-content\/uploads\/2023\/06\/FOTO-3-2048x1365.jpg 2048w\" sizes=\"auto, (max-width: 1024px) 100vw, 1024px\" \/><\/figure>\n<p><!-- \/wp:image --><\/p>\n<p><!-- wp:paragraph --><\/p>\n<p>El cierre de este tradicional evento de informaci\u00f3n tecnol\u00f3gica, estuvo a cargo de Enrique Bombal, M\u00e1ster en Bienestar Animal de DeLaval, quien expuso sobre los efectos del cambio clim\u00e1tico en el sur de Chile y su impacto en la productividad de las vacas lecheras.<\/p>\n<p><!-- \/wp:paragraph --><\/p>\n<p><!-- wp:paragraph --><\/p>\n<p>Felipe Gottschalk, Gerente General de Cooprinsem, resalt\u00f3 la importancia de la interacci\u00f3n y el intercambio de experiencias durante las Jornadas T\u00e9cnicas. \u00abNo estamos aqu\u00ed s\u00f3lo para escuchar presentaciones, sino tambi\u00e9n para interactuar y compartir experiencias, brindando aportes a todos los participantes que han venido a formar parte de este gran evento\u00bb.<br \/>A su vez, el Gerente General expres\u00f3 su satisfacci\u00f3n por poder realizar una vez m\u00e1s estas Jornadas, las cuales se han convertido en una tradici\u00f3n, y reflejan el compromiso y objetivo que tienen como cooperativa, de contribuir al desarrollo y progreso del sector agropecuario. \u00abEs importante para nosotros brindar conocimiento a profesionales, agricultores y productores lecheros, promoviendo un desarrollo sostenible, abordando tem\u00e1ticas transversales y desafiantes, como el cambio clim\u00e1tico, donde la industria y el sector productivo tienen un papel fundamental para enfrentar este desaf\u00edo y otras situaciones coyunturales, los cuales ir\u00e1n en beneficio de todos los actores involucrados en el sector\u00bb.<\/p>\n<p><!-- \/wp:paragraph --><\/p>\n<p><!-- wp:paragraph --><\/p>\n<p>Por su parte el conferencista, Ernesto Viglizzo, resalt\u00f3 la importancia de abordar estos aspectos relacionados con la producci\u00f3n lechera, afirmando que \u00aben ocasiones, estos temas son novedosos y presentan cierta complejidad, lo cual dificulta comprender la esencia misma de la problem\u00e1tica. No obstante, gradualmente se est\u00e1 adoptando un enfoque que busca examinar el sistema de producci\u00f3n en su totalidad, en lugar de enfocarse \u00fanicamente en el animal como generador de emisiones. Desde la cooperativa, seguramente ser\u00e1 necesario perseverar en la promoci\u00f3n de estos asuntos para su internalizaci\u00f3n efectiva dentro del sistema lechero\u00bb.<\/p>\n<p><!-- \/wp:paragraph --><\/p>\n<p><!-- wp:paragraph --><\/p>\n<p>Asimismo, Mario Edo. Olivares, Asesor T\u00e9cnico Comercial de Cooprinsem, comparti\u00f3 su perspectiva sobre esta instancia y resalt\u00f3 la importancia de abordar temas relevantes y actuales para el sector. \u00abEl objetivo fue buscar temas que hayan surgido en estos tiempos y presentarlos a nuestros productores, brind\u00e1ndoles perspectivas claras. Esta jornada no se limit\u00f3 a un s\u00f3lo tema, sino que explor\u00f3 diversos aspectos que surgieron debido a los cambios econ\u00f3micos y sociales de los \u00faltimos a\u00f1os. Nuestro prop\u00f3sito es ayudar a nuestros productores a ampliar su visi\u00f3n y a prepararse para posibles desaf\u00edos futuros en la agricultura nacional\u00bb.<\/p>\n<p><!-- \/wp:paragraph --><\/p>\n<p><!-- wp:paragraph --><\/p>\n<p>Finalmente, Olivares agreg\u00f3 que \u00abdeseamos que regresen a sus campos con un mensaje claro sobre lo que est\u00e1 sucediendo en el mundo, y las influencias y consecuencias que recibimos del exterior, pero tambi\u00e9n queremos asegurarles que contamos con las herramientas y conocimientos necesarios para enfrentar estas situaciones de manera efectiva\u00bb.<\/p>\n<\/div>\t\t\t\t\t\t<\/div>\n\t\t\t\t<\/div>\n\t\t\t\t\t<\/div>\n\t\t<\/div>\n\t\t\t\t<div class=\"elementor-column elementor-col-33 elementor-top-column elementor-element elementor-element-76a8063\" data-id=\"76a8063\" data-element_type=\"column\">\n\t\t\t<div class=\"elementor-widget-wrap elementor-element-populated\">\n\t\t\t\t\t\t\t\t<div class=\"elementor-element elementor-element-9acb628 elementor-widget elementor-widget-text-editor\" data-id=\"9acb628\" data-element_type=\"widget\" data-widget_type=\"text-editor.default\">\n\t\t\t\t<div class=\"elementor-widget-container\">\n\t\t\t\t\t\t\t<p><a href=\"https:\/\/cooprinforma.cl\/index.php\/ediciones\/\"><img loading=\"lazy\" decoding=\"async\" class=\"alignnone wp-image-18 size-full\" src=\"https:\/\/cooprinforma.cl\/wp-content\/uploads\/2023\/06\/banner-177.jpg\" alt=\"\" width=\"300\" height=\"250\" \/><\/a><\/p>\n<p><a href=\"https:\/\/titanhorse.cl\" target=\"_blank\" rel=\"noopener\"><img loading=\"lazy\" decoding=\"async\" class=\"alignnone wp-image-4602 size-full\" src=\"https:\/\/cooprinforma.cl\/wp-content\/uploads\/2023\/06\/A1.jpg\" alt=\"\" width=\"301\" height=\"250\" \/><\/a><\/p>\n<p><a href=\"http:\/\/www.sqmc.cl\" target=\"_blank\" rel=\"noopener\"><img loading=\"lazy\" decoding=\"async\" class=\"alignnone wp-image-4781 size-medium\" src=\"https:\/\/cooprinforma.cl\/wp-content\/uploads\/2023\/06\/sqm-1-300x252.png\" alt=\"\" width=\"300\" height=\"252\" \/><\/a><\/p>\n<img loading=\"lazy\" decoding=\"async\" class=\"alignnone wp-image-4781 size-medium\" src=\"https:\/\/cooprinforma.cl\/wp-content\/uploads\/Karate_.gif\" alt=\"\" width=\"300\" height=\"252\" \/>\t\t\t\t\t\t<\/div>\n\t\t\t\t<\/div>\n\t\t\t\t\t<\/div>\n\t\t<\/div>\n\t\t\t\t\t\t\t<\/div>\n\t\t<\/section>\n\t\t\t\t\t\t\t<\/div>\n\t\t","protected":false},"excerpt":{"rendered":"<p>\u00a0 En los salones del Hotel Sonesta, Cooprinsem retom\u00f3 una de sus actividades m\u00e1s relevantes del sector, tras tres a\u00f1os sin poder llevarse a cabo: las Jornadas T\u00e9cnicas. Bajo el nombre de \u00abProducci\u00f3n lechera en tiempos de cambio\u00bb, esta nueva versi\u00f3n reuni\u00f3 a m\u00e1s de 250 productores, colaboradores, estudiantes y profesionales del agro, con el [&hellip;]<\/p>\n","protected":false},"author":1,"featured_media":182,"comment_status":"closed","ping_status":"closed","sticky":false,"template":"","format":"standard","meta":{"footnotes":""},"categories":[14],"tags":[6],"class_list":["post-181","post","type-post","status-publish","format-standard","has-post-thumbnail","hentry","category-noticias-cooprinsem","tag-edicion-177"],"_links":{"self":[{"href":"https:\/\/cooprinforma.cl\/index.php\/wp-json\/wp\/v2\/posts\/181","targetHints":{"allow":["GET"]}}],"collection":[{"href":"https:\/\/cooprinforma.cl\/index.php\/wp-json\/wp\/v2\/posts"}],"about":[{"href":"https:\/\/cooprinforma.cl\/index.php\/wp-json\/wp\/v2\/types\/post"}],"author":[{"embeddable":true,"href":"https:\/\/cooprinforma.cl\/index.php\/wp-json\/wp\/v2\/users\/1"}],"replies":[{"embeddable":true,"href":"https:\/\/cooprinforma.cl\/index.php\/wp-json\/wp\/v2\/comments?post=181"}],"version-history":[{"count":29,"href":"https:\/\/cooprinforma.cl\/index.php\/wp-json\/wp\/v2\/posts\/181\/revisions"}],"predecessor-version":[{"id":5321,"href":"https:\/\/cooprinforma.cl\/index.php\/wp-json\/wp\/v2\/posts\/181\/revisions\/5321"}],"wp:featuredmedia":[{"embeddable":true,"href":"https:\/\/cooprinforma.cl\/index.php\/wp-json\/wp\/v2\/media\/182"}],"wp:attachment":[{"href":"https:\/\/cooprinforma.cl\/index.php\/wp-json\/wp\/v2\/media?parent=181"}],"wp:term":[{"taxonomy":"category","embeddable":true,"href":"https:\/\/cooprinforma.cl\/index.php\/wp-json\/wp\/v2\/categories?post=181"},{"taxonomy":"post_tag","embeddable":true,"href":"https:\/\/cooprinforma.cl\/index.php\/wp-json\/wp\/v2\/tags?post=181"}],"curies":[{"name":"wp","href":"https:\/\/api.w.org\/{rel}","templated":true}]}}